{"id":1430,"date":"2024-06-07T21:21:11","date_gmt":"2024-06-07T19:21:11","guid":{"rendered":"https:\/\/www.brc-eschweiler.de\/?p=1430"},"modified":"2024-06-11T20:14:18","modified_gmt":"2024-06-11T18:14:18","slug":"vorstand-konstituiert-sich-neu","status":"publish","type":"post","link":"https:\/\/www.brc-eschweiler.de\/?p=1430","title":{"rendered":"Vorstand konstituiert sich neu"},"content":{"rendered":"\n<p>Bei der gestrigen Mitgliederversammlung hat sich die Zusammenstellung unseres Vorstandes ge\u00e4ndert. Dies lag unter anderem an dem R\u00fccktritt von Guido Feiertag (ehemaliger 2. Vorsitzender), der auf eigenen Wunsch den Vorstand verlassen hat. An dieser Stelle nochmal herzlichen Dank f\u00fcr dein Engagement f\u00fcr den Verein! <br>Wir freuen uns jedoch, dass wir mit Florian Eggert unseren ehemaligen Schriftf\u00fchrer als neuen 2. Vorsitzenden gewinnen konnten, womit die Spitze unseres Vorstands nun aus Florian und weiterhin Daniel Heinen (wiedergew\u00e4hlt als 1. Vorsitzender) besteht.<\/p>\n\n\n\n<p>F\u00fcr den freigewordenen Posten des Schriftf\u00fchrers wurde unser langj\u00e4hriger Jugendtrainer Ole Frank gew\u00e4hlt. Christian Richter hat das Amt des Jugendleiters ebenfalls auf eigenen Wunsch &#8222;ger\u00e4umt&#8220;. Er bekleidet nun das Amt des Pressewarts und Erik Alt wurde als technischer Leiter wieder gew\u00e4hlt. Ebenfalls best\u00e4tigt in seinem Amt wurde Hans G\u00fcnter Eltester &#8211; der als Finanzwart weiterhin unsere Finanzen im Blick haben wird. Au\u00dferdem konnte mit Raul Tharmakulasingam ein neuer Breitensportwart gewonnen werden! Au\u00dferdem wird Joel B\u00e4der uns als Vertretung f\u00fcr die Jugend unterst\u00fctzen.<\/p>\n\n\n\n<figure class=\"wp-block-image size-large is-resized\"><img data-recalc-dims=\"1\" loading=\"lazy\" decoding=\"async\" width=\"525\" height=\"394\" data-attachment-id=\"1431\" data-permalink=\"https:\/\/www.brc-eschweiler.de\/?attachment_id=1431\" data-orig-file=\"https:\/\/i0.wp.com\/www.brc-eschweiler.de\/wp-content\/uploads\/2024\/06\/PXL_20240606_1941003981-scaled.jpg?fit=2560%2C1920&amp;ssl=1\" data-orig-size=\"2560,1920\" data-comments-opened=\"1\" data-image-meta=\"{&quot;aperture&quot;:&quot;1.73&quot;,&quot;credit&quot;:&quot;&quot;,&quot;camera&quot;:&quot;Pixel 4a&quot;,&quot;caption&quot;:&quot;&quot;,&quot;created_timestamp&quot;:&quot;1717710060&quot;,&quot;copyright&quot;:&quot;&quot;,&quot;focal_length&quot;:&quot;4.38&quot;,&quot;iso&quot;:&quot;301&quot;,&quot;shutter_speed&quot;:&quot;0.029997&quot;,&quot;title&quot;:&quot;&quot;,&quot;orientation&quot;:&quot;1&quot;}\" data-image-title=\"PXL_20240606_1941003981\" data-image-description=\"\" data-image-caption=\"\" data-large-file=\"https:\/\/i0.wp.com\/www.brc-eschweiler.de\/wp-content\/uploads\/2024\/06\/PXL_20240606_1941003981-scaled.jpg?fit=525%2C394&amp;ssl=1\" src=\"https:\/\/i0.wp.com\/www.brc-eschweiler.de\/wp-content\/uploads\/2024\/06\/PXL_20240606_1941003981.jpg?resize=525%2C394&#038;ssl=1\" alt=\"\" class=\"wp-image-1431\" style=\"width:671px;height:auto\" srcset=\"https:\/\/i0.wp.com\/www.brc-eschweiler.de\/wp-content\/uploads\/2024\/06\/PXL_20240606_1941003981-scaled.jpg?resize=1024%2C768&amp;ssl=1 1024w, https:\/\/i0.wp.com\/www.brc-eschweiler.de\/wp-content\/uploads\/2024\/06\/PXL_20240606_1941003981-scaled.jpg?resize=300%2C225&amp;ssl=1 300w, https:\/\/i0.wp.com\/www.brc-eschweiler.de\/wp-content\/uploads\/2024\/06\/PXL_20240606_1941003981-scaled.jpg?resize=768%2C576&amp;ssl=1 768w, https:\/\/i0.wp.com\/www.brc-eschweiler.de\/wp-content\/uploads\/2024\/06\/PXL_20240606_1941003981-scaled.jpg?resize=1536%2C1152&amp;ssl=1 1536w, https:\/\/i0.wp.com\/www.brc-eschweiler.de\/wp-content\/uploads\/2024\/06\/PXL_20240606_1941003981-scaled.jpg?resize=2048%2C1536&amp;ssl=1 2048w\" sizes=\"auto, (max-width: 767px) 89vw, (max-width: 1000px) 54vw, (max-width: 1071px) 543px, 580px\" \/><\/figure>\n\n\n\n<p>v.l.n.r.: Hans G\u00fcnter Eltester, Ole Frank, Florian Eggert, Erik Alt, Daniel Heinen, Christian Richter, Joel B\u00e4der, Raul Tharmakulasingam<\/p>\n","protected":false},"excerpt":{"rendered":"<p>Bei der gestrigen Mitgliederversammlung hat sich die Zusammenstellung unseres Vorstandes ge\u00e4ndert. Dies lag unter anderem an dem R\u00fccktritt von Guido Feiertag (ehemaliger 2. Vorsitzender), der auf eigenen Wunsch den Vorstand verlassen hat. An dieser Stelle nochmal herzlichen Dank f\u00fcr dein Engagement f\u00fcr den Verein! Wir freuen uns jedoch, dass wir mit Florian Eggert unseren ehemaligen &hellip; <\/p>\n<p class=\"link-more\"><a href=\"https:\/\/www.brc-eschweiler.de\/?p=1430\" class=\"more-link\"><span class=\"screen-reader-text\">\u201eVorstand konstituiert sich neu\u201c <\/span>weiterlesen<\/a><\/p>\n","protected":false},"author":6,"featured_media":0,"comment_status":"open","ping_status":"closed","sticky":false,"template":"","format":"standard","meta":{"jetpack_post_was_ever_published":false,"_jetpack_newsletter_access":"","_jetpack_dont_email_post_to_subs":false,"_jetpack_newsletter_tier_id":0,"_jetpack_memberships_contains_paywalled_content":false,"_jetpack_memberships_contains_paid_content":false,"footnotes":""},"categories":[1],"tags":[],"class_list":["post-1430","post","type-post","status-publish","format-standard","hentry","category-allgemein"],"jetpack_featured_media_url":"","jetpack_sharing_enabled":true,"jetpack_shortlink":"https:\/\/wp.me\/pacxTB-n4","jetpack_likes_enabled":true,"_links":{"self":[{"href":"https:\/\/www.brc-eschweiler.de\/index.php?rest_route=\/wp\/v2\/posts\/1430","targetHints":{"allow":["GET"]}}],"collection":[{"href":"https:\/\/www.brc-eschweiler.de\/index.php?rest_route=\/wp\/v2\/posts"}],"about":[{"href":"https:\/\/www.brc-eschweiler.de\/index.php?rest_route=\/wp\/v2\/types\/post"}],"author":[{"embeddable":true,"href":"https:\/\/www.brc-eschweiler.de\/index.php?rest_route=\/wp\/v2\/users\/6"}],"replies":[{"embeddable":true,"href":"https:\/\/www.brc-eschweiler.de\/index.php?rest_route=%2Fwp%2Fv2%2Fcomments&post=1430"}],"version-history":[{"count":5,"href":"https:\/\/www.brc-eschweiler.de\/index.php?rest_route=\/wp\/v2\/posts\/1430\/revisions"}],"predecessor-version":[{"id":1438,"href":"https:\/\/www.brc-eschweiler.de\/index.php?rest_route=\/wp\/v2\/posts\/1430\/revisions\/1438"}],"wp:attachment":[{"href":"https:\/\/www.brc-eschweiler.de\/index.php?rest_route=%2Fwp%2Fv2%2Fmedia&parent=1430"}],"wp:term":[{"taxonomy":"category","embeddable":true,"href":"https:\/\/www.brc-eschweiler.de\/index.php?rest_route=%2Fwp%2Fv2%2Fcategories&post=1430"},{"taxonomy":"post_tag","embeddable":true,"href":"https:\/\/www.brc-eschweiler.de\/index.php?rest_route=%2Fwp%2Fv2%2Ftags&post=1430"}],"curies":[{"name":"wp","href":"https:\/\/api.w.org\/{rel}","templated":true}]}}