{"id":1421,"date":"2024-05-16T19:11:33","date_gmt":"2024-05-16T17:11:33","guid":{"rendered":"https:\/\/www.brc-eschweiler.de\/?p=1421"},"modified":"2024-05-16T19:19:08","modified_gmt":"2024-05-16T17:19:08","slug":"einladung-zur-offiziellen-mitgliederversammlung","status":"publish","type":"post","link":"https:\/\/www.brc-eschweiler.de\/?p=1421","title":{"rendered":"Einladung zur offiziellen Mitgliederversammlung"},"content":{"rendered":"\n<p>Hallo liebe BRCler,<\/p>\n\n\n\n<p>am Donnerstag, den 06.06.2024 wird unsere ordentliche Mitgliederversammlung stattfinden. Wir freuen uns \u00fcber rege Teilnahme. Alles weitere k\u00f6nnt ihr der offiziellen Einladung entnehmen.<\/p>\n\n\n\n<p>F\u00fcr die Jugendversammlung gibt es einen separaten Termin: der 03.06.2024., ab 18:10 Uhr.<\/p>\n\n\n\n<p>Solltet ihr diese Information noch \u00fcber keinen anderen unserer Kommunikationskan\u00e4le erhalten haben, meldet euch gerne zur Aufnahme bei mir.<\/p>\n\n\n\n<p>Sportliche Gr\u00fc\u00dfe,<br>Euer Vorstand<\/p>\n\n\n\n<div data-wp-interactive=\"core\/file\" class=\"wp-block-file\"><object data-wp-bind--hidden=\"!state.hasPdfPreview\" hidden class=\"wp-block-file__embed\" data=\"https:\/\/www.brc-eschweiler.de\/wp-content\/uploads\/2024\/05\/Einladung-ordentliche-Mitgliederversammlung-2024-2.pdf\" type=\"application\/pdf\" style=\"width:100%;height:600px\" aria-label=\"Einbettung von Einladung-ordentliche-Mitgliederversammlung-2024-2.\"><\/object><a id=\"wp-block-file--media-a9db564b-aa92-459d-bb5e-faaa36701ea0\" href=\"https:\/\/www.brc-eschweiler.de\/wp-content\/uploads\/2024\/05\/Einladung-ordentliche-Mitgliederversammlung-2024-2.pdf\">Einladung-ordentliche-Mitgliederversammlung-2024-2<\/a><a href=\"https:\/\/www.brc-eschweiler.de\/wp-content\/uploads\/2024\/05\/Einladung-ordentliche-Mitgliederversammlung-2024-2.pdf\" class=\"wp-block-file__button wp-element-button\" download aria-describedby=\"wp-block-file--media-a9db564b-aa92-459d-bb5e-faaa36701ea0\">Herunterladen<\/a><\/div>\n","protected":false},"excerpt":{"rendered":"<p>Hallo liebe BRCler, am Donnerstag, den 06.06.2024 wird unsere ordentliche Mitgliederversammlung stattfinden. Wir freuen uns \u00fcber rege Teilnahme. Alles weitere k\u00f6nnt ihr der offiziellen Einladung entnehmen. F\u00fcr die Jugendversammlung gibt es einen separaten Termin: der 03.06.2024., ab 18:10 Uhr. Solltet ihr diese Information noch \u00fcber keinen anderen unserer Kommunikationskan\u00e4le erhalten haben, meldet euch gerne zur &hellip; <\/p>\n<p class=\"link-more\"><a href=\"https:\/\/www.brc-eschweiler.de\/?p=1421\" class=\"more-link\"><span class=\"screen-reader-text\">\u201eEinladung zur offiziellen Mitgliederversammlung\u201c <\/span>weiterlesen<\/a><\/p>\n","protected":false},"author":6,"featured_media":0,"comment_status":"open","ping_status":"closed","sticky":false,"template":"","format":"standard","meta":{"jetpack_post_was_ever_published":false,"_jetpack_newsletter_access":"","_jetpack_dont_email_post_to_subs":false,"_jetpack_newsletter_tier_id":0,"_jetpack_memberships_contains_paywalled_content":false,"_jetpack_memberships_contains_paid_content":false,"footnotes":""},"categories":[1],"tags":[],"class_list":["post-1421","post","type-post","status-publish","format-standard","hentry","category-allgemein"],"jetpack_featured_media_url":"","jetpack_sharing_enabled":true,"jetpack_shortlink":"https:\/\/wp.me\/pacxTB-mV","jetpack_likes_enabled":true,"_links":{"self":[{"href":"https:\/\/www.brc-eschweiler.de\/index.php?rest_route=\/wp\/v2\/posts\/1421","targetHints":{"allow":["GET"]}}],"collection":[{"href":"https:\/\/www.brc-eschweiler.de\/index.php?rest_route=\/wp\/v2\/posts"}],"about":[{"href":"https:\/\/www.brc-eschweiler.de\/index.php?rest_route=\/wp\/v2\/types\/post"}],"author":[{"embeddable":true,"href":"https:\/\/www.brc-eschweiler.de\/index.php?rest_route=\/wp\/v2\/users\/6"}],"replies":[{"embeddable":true,"href":"https:\/\/www.brc-eschweiler.de\/index.php?rest_route=%2Fwp%2Fv2%2Fcomments&post=1421"}],"version-history":[{"count":2,"href":"https:\/\/www.brc-eschweiler.de\/index.php?rest_route=\/wp\/v2\/posts\/1421\/revisions"}],"predecessor-version":[{"id":1424,"href":"https:\/\/www.brc-eschweiler.de\/index.php?rest_route=\/wp\/v2\/posts\/1421\/revisions\/1424"}],"wp:attachment":[{"href":"https:\/\/www.brc-eschweiler.de\/index.php?rest_route=%2Fwp%2Fv2%2Fmedia&parent=1421"}],"wp:term":[{"taxonomy":"category","embeddable":true,"href":"https:\/\/www.brc-eschweiler.de\/index.php?rest_route=%2Fwp%2Fv2%2Fcategories&post=1421"},{"taxonomy":"post_tag","embeddable":true,"href":"https:\/\/www.brc-eschweiler.de\/index.php?rest_route=%2Fwp%2Fv2%2Ftags&post=1421"}],"curies":[{"name":"wp","href":"https:\/\/api.w.org\/{rel}","templated":true}]}}