{"id":1417,"date":"2024-05-15T21:14:37","date_gmt":"2024-05-15T19:14:37","guid":{"rendered":"https:\/\/www.brc-eschweiler.de\/?p=1417"},"modified":"2024-05-15T21:14:37","modified_gmt":"2024-05-15T19:14:37","slug":"verschiebung-der-mitgliederversammlung","status":"publish","type":"post","link":"https:\/\/www.brc-eschweiler.de\/?p=1417","title":{"rendered":"!!! Verschiebung der Mitgliederversammlung !!!"},"content":{"rendered":"\n<p>Liebe BRClerinnen und BRCler,<\/p>\n\n\n\n<p>leider m\u00fcssen wir euch dar\u00fcber informieren, dass es bei der Einladung zur ordentlichen Mitgliederversammlung am 16.05.2024 und der Jugendversammlung am 13.05.2024 zu einem Fehler gekommen ist. Laut Satzung muss die Einberufung der Mitgliederversammlung und der Jugendversammlung mindestens 14 Tage vor dem Termin auf der Internetseite des Vereins ver\u00f6ffentlicht werden. Dies wurde leider nicht eingehalten, wodurch die Ergebnisse der bereits stattgefundenen Jugendversammlung am Montag (13.05.2024) und die Ergebnisse der morgigen Mitgliederversammlung ung\u00fcltig geworden sind bzw. ung\u00fcltig w\u00fcrden. Aus diesem Grund m\u00fcssen wir die Mitgliederversammlung f\u00fcr morgen leider absagen. Eine neue Einladung f\u00fcr die Jugendversammlung am Montag, den 03.06.2024 und die ordentliche Mitgliederversammlung am Donnerstag, den 06.06.2024 ver\u00f6ffentlichen wir zeitnah bis sp\u00e4testens Ende dieser Woche. Wir bitten die kurzfristige Absage bzw. die Verschiebung zu entschuldigen.<\/p>\n\n\n\n<p>Sportliche Gr\u00fc\u00dfe<\/p>\n\n\n\n<p>Euer Vorstand<\/p>\n","protected":false},"excerpt":{"rendered":"<p>Liebe BRClerinnen und BRCler, leider m\u00fcssen wir euch dar\u00fcber informieren, dass es bei der Einladung zur ordentlichen Mitgliederversammlung am 16.05.2024 und der Jugendversammlung am 13.05.2024 zu einem Fehler gekommen ist. Laut Satzung muss die Einberufung der Mitgliederversammlung und der Jugendversammlung mindestens 14 Tage vor dem Termin auf der Internetseite des Vereins ver\u00f6ffentlicht werden. Dies wurde &hellip; <\/p>\n<p class=\"link-more\"><a href=\"https:\/\/www.brc-eschweiler.de\/?p=1417\" class=\"more-link\"><span class=\"screen-reader-text\">\u201e!!! Verschiebung der Mitgliederversammlung !!!\u201c <\/span>weiterlesen<\/a><\/p>\n","protected":false},"author":6,"featured_media":0,"comment_status":"open","ping_status":"closed","sticky":false,"template":"","format":"standard","meta":{"jetpack_post_was_ever_published":false,"_jetpack_newsletter_access":"","_jetpack_dont_email_post_to_subs":false,"_jetpack_newsletter_tier_id":0,"_jetpack_memberships_contains_paywalled_content":false,"_jetpack_memberships_contains_paid_content":false,"footnotes":""},"categories":[1],"tags":[],"class_list":["post-1417","post","type-post","status-publish","format-standard","hentry","category-allgemein"],"jetpack_featured_media_url":"","jetpack_sharing_enabled":true,"jetpack_shortlink":"https:\/\/wp.me\/pacxTB-mR","jetpack_likes_enabled":true,"_links":{"self":[{"href":"https:\/\/www.brc-eschweiler.de\/index.php?rest_route=\/wp\/v2\/posts\/1417","targetHints":{"allow":["GET"]}}],"collection":[{"href":"https:\/\/www.brc-eschweiler.de\/index.php?rest_route=\/wp\/v2\/posts"}],"about":[{"href":"https:\/\/www.brc-eschweiler.de\/index.php?rest_route=\/wp\/v2\/types\/post"}],"author":[{"embeddable":true,"href":"https:\/\/www.brc-eschweiler.de\/index.php?rest_route=\/wp\/v2\/users\/6"}],"replies":[{"embeddable":true,"href":"https:\/\/www.brc-eschweiler.de\/index.php?rest_route=%2Fwp%2Fv2%2Fcomments&post=1417"}],"version-history":[{"count":1,"href":"https:\/\/www.brc-eschweiler.de\/index.php?rest_route=\/wp\/v2\/posts\/1417\/revisions"}],"predecessor-version":[{"id":1418,"href":"https:\/\/www.brc-eschweiler.de\/index.php?rest_route=\/wp\/v2\/posts\/1417\/revisions\/1418"}],"wp:attachment":[{"href":"https:\/\/www.brc-eschweiler.de\/index.php?rest_route=%2Fwp%2Fv2%2Fmedia&parent=1417"}],"wp:term":[{"taxonomy":"category","embeddable":true,"href":"https:\/\/www.brc-eschweiler.de\/index.php?rest_route=%2Fwp%2Fv2%2Fcategories&post=1417"},{"taxonomy":"post_tag","embeddable":true,"href":"https:\/\/www.brc-eschweiler.de\/index.php?rest_route=%2Fwp%2Fv2%2Ftags&post=1417"}],"curies":[{"name":"wp","href":"https:\/\/api.w.org\/{rel}","templated":true}]}}