{"id":1403,"date":"2024-03-23T10:22:13","date_gmt":"2024-03-23T09:22:13","guid":{"rendered":"https:\/\/www.brc-eschweiler.de\/?p=1403"},"modified":"2024-03-23T10:22:15","modified_gmt":"2024-03-23T09:22:15","slug":"kein-jugendtraining-in-den-osterferien","status":"publish","type":"post","link":"https:\/\/www.brc-eschweiler.de\/?p=1403","title":{"rendered":"Kein Jugendtraining in den Osterferien"},"content":{"rendered":"\n<p>An unsere Jugendlichen und Eltern: \u00fcber die gesamten Ferien findet kein Training statt. Das Training startet wieder am 8.4. <\/p>\n\n\n\n<p>Das Trainerteam w\u00fcnscht euch sch\u00f6ne Ferien und sch\u00f6ne Ostertage. &#x1f430;&#x1f3f8;<\/p>\n","protected":false},"excerpt":{"rendered":"<p>An unsere Jugendlichen und Eltern: \u00fcber die gesamten Ferien findet kein Training statt. Das Training startet wieder am 8.4. Das Trainerteam w\u00fcnscht euch sch\u00f6ne Ferien und sch\u00f6ne Ostertage. &#x1f430;&#x1f3f8;<\/p>\n","protected":false},"author":6,"featured_media":0,"comment_status":"open","ping_status":"closed","sticky":false,"template":"","format":"standard","meta":{"jetpack_post_was_ever_published":false,"_jetpack_newsletter_access":"","_jetpack_dont_email_post_to_subs":false,"_jetpack_newsletter_tier_id":0,"_jetpack_memberships_contains_paywalled_content":false,"_jetpack_memberships_contains_paid_content":false,"footnotes":""},"categories":[1],"tags":[],"class_list":["post-1403","post","type-post","status-publish","format-standard","hentry","category-allgemein"],"jetpack_featured_media_url":"","jetpack_sharing_enabled":true,"jetpack_shortlink":"https:\/\/wp.me\/pacxTB-mD","jetpack_likes_enabled":true,"_links":{"self":[{"href":"https:\/\/www.brc-eschweiler.de\/index.php?rest_route=\/wp\/v2\/posts\/1403","targetHints":{"allow":["GET"]}}],"collection":[{"href":"https:\/\/www.brc-eschweiler.de\/index.php?rest_route=\/wp\/v2\/posts"}],"about":[{"href":"https:\/\/www.brc-eschweiler.de\/index.php?rest_route=\/wp\/v2\/types\/post"}],"author":[{"embeddable":true,"href":"https:\/\/www.brc-eschweiler.de\/index.php?rest_route=\/wp\/v2\/users\/6"}],"replies":[{"embeddable":true,"href":"https:\/\/www.brc-eschweiler.de\/index.php?rest_route=%2Fwp%2Fv2%2Fcomments&post=1403"}],"version-history":[{"count":1,"href":"https:\/\/www.brc-eschweiler.de\/index.php?rest_route=\/wp\/v2\/posts\/1403\/revisions"}],"predecessor-version":[{"id":1404,"href":"https:\/\/www.brc-eschweiler.de\/index.php?rest_route=\/wp\/v2\/posts\/1403\/revisions\/1404"}],"wp:attachment":[{"href":"https:\/\/www.brc-eschweiler.de\/index.php?rest_route=%2Fwp%2Fv2%2Fmedia&parent=1403"}],"wp:term":[{"taxonomy":"category","embeddable":true,"href":"https:\/\/www.brc-eschweiler.de\/index.php?rest_route=%2Fwp%2Fv2%2Fcategories&post=1403"},{"taxonomy":"post_tag","embeddable":true,"href":"https:\/\/www.brc-eschweiler.de\/index.php?rest_route=%2Fwp%2Fv2%2Ftags&post=1403"}],"curies":[{"name":"wp","href":"https:\/\/api.w.org\/{rel}","templated":true}]}}