{"id":1383,"date":"2023-12-18T18:46:04","date_gmt":"2023-12-18T17:46:04","guid":{"rendered":"https:\/\/www.brc-eschweiler.de\/?p=1383"},"modified":"2023-12-19T12:43:27","modified_gmt":"2023-12-19T11:43:27","slug":"trainingszeiten-in-den-ferien-2","status":"publish","type":"post","link":"https:\/\/www.brc-eschweiler.de\/?p=1383","title":{"rendered":"Trainingszeiten in den Ferien"},"content":{"rendered":"\n<p>Liebe Mitglieder, liebe Eltern,<\/p>\n\n\n\n<p>in den Ferien findet kein Jugendtraining statt. Das gilt ab einschlie\u00dflich diesem Freitag (22.12.). Ab dem 8.1. geht es wieder wie gewohnt weiter.<\/p>\n\n\n\n<p><s>F\u00fcr das freie Spiel der Senioren gilt selbiges. Nach Absprache kann freies Spiel aber dennoch eigenst\u00e4ndig organisiert werden.<\/s><br>Die Waldhalle ist mittwochs f\u00fcr das freie Spiel weiterhin ge\u00f6ffnet!<\/p>\n\n\n\n<p>Sch\u00f6ne Weihnachtstage und rutscht gut!<\/p>\n","protected":false},"excerpt":{"rendered":"<p>Liebe Mitglieder, liebe Eltern, in den Ferien findet kein Jugendtraining statt. Das gilt ab einschlie\u00dflich diesem Freitag (22.12.). Ab dem 8.1. geht es wieder wie gewohnt weiter. F\u00fcr das freie Spiel der Senioren gilt selbiges. Nach Absprache kann freies Spiel aber dennoch eigenst\u00e4ndig organisiert werden.Die Waldhalle ist mittwochs f\u00fcr das freie Spiel weiterhin ge\u00f6ffnet! Sch\u00f6ne &hellip; <\/p>\n<p class=\"link-more\"><a href=\"https:\/\/www.brc-eschweiler.de\/?p=1383\" class=\"more-link\"><span class=\"screen-reader-text\">\u201eTrainingszeiten in den Ferien\u201c <\/span>weiterlesen<\/a><\/p>\n","protected":false},"author":6,"featured_media":0,"comment_status":"open","ping_status":"closed","sticky":false,"template":"","format":"standard","meta":{"jetpack_post_was_ever_published":false,"_jetpack_newsletter_access":"","_jetpack_dont_email_post_to_subs":false,"_jetpack_newsletter_tier_id":0,"_jetpack_memberships_contains_paywalled_content":false,"_jetpack_memberships_contains_paid_content":false,"footnotes":""},"categories":[1],"tags":[],"class_list":["post-1383","post","type-post","status-publish","format-standard","hentry","category-allgemein"],"jetpack_featured_media_url":"","jetpack_sharing_enabled":true,"jetpack_shortlink":"https:\/\/wp.me\/pacxTB-mj","jetpack_likes_enabled":true,"_links":{"self":[{"href":"https:\/\/www.brc-eschweiler.de\/index.php?rest_route=\/wp\/v2\/posts\/1383","targetHints":{"allow":["GET"]}}],"collection":[{"href":"https:\/\/www.brc-eschweiler.de\/index.php?rest_route=\/wp\/v2\/posts"}],"about":[{"href":"https:\/\/www.brc-eschweiler.de\/index.php?rest_route=\/wp\/v2\/types\/post"}],"author":[{"embeddable":true,"href":"https:\/\/www.brc-eschweiler.de\/index.php?rest_route=\/wp\/v2\/users\/6"}],"replies":[{"embeddable":true,"href":"https:\/\/www.brc-eschweiler.de\/index.php?rest_route=%2Fwp%2Fv2%2Fcomments&post=1383"}],"version-history":[{"count":3,"href":"https:\/\/www.brc-eschweiler.de\/index.php?rest_route=\/wp\/v2\/posts\/1383\/revisions"}],"predecessor-version":[{"id":1387,"href":"https:\/\/www.brc-eschweiler.de\/index.php?rest_route=\/wp\/v2\/posts\/1383\/revisions\/1387"}],"wp:attachment":[{"href":"https:\/\/www.brc-eschweiler.de\/index.php?rest_route=%2Fwp%2Fv2%2Fmedia&parent=1383"}],"wp:term":[{"taxonomy":"category","embeddable":true,"href":"https:\/\/www.brc-eschweiler.de\/index.php?rest_route=%2Fwp%2Fv2%2Fcategories&post=1383"},{"taxonomy":"post_tag","embeddable":true,"href":"https:\/\/www.brc-eschweiler.de\/index.php?rest_route=%2Fwp%2Fv2%2Ftags&post=1383"}],"curies":[{"name":"wp","href":"https:\/\/api.w.org\/{rel}","templated":true}]}}