{"id":1356,"date":"2023-06-17T20:23:50","date_gmt":"2023-06-17T18:23:50","guid":{"rendered":"https:\/\/www.brc-eschweiler.de\/?p=1356"},"modified":"2023-06-17T20:23:51","modified_gmt":"2023-06-17T18:23:51","slug":"hallenzeiten-in-den-ferien-2","status":"publish","type":"post","link":"https:\/\/www.brc-eschweiler.de\/?p=1356","title":{"rendered":"Hallenzeiten in den Ferien"},"content":{"rendered":"\n<p>In den Sommerferien haben wir wie immer eingeschr\u00e4nkte Hallenzeiten. In der zweiten H\u00e4lfte der Sommerferien (<strong>ab dem 17.7.<\/strong>) ist die <strong>Waldhalle <\/strong>zu folgenden Zeiten ge\u00f6ffnet:<\/p>\n\n\n\n<p>Senioren: Mittwochs, 20 &#8211; 22 Uhr<br>Jugend: Freitags, 19 &#8211; 21 Uhr<\/p>\n\n\n\n<p>N\u00e4chsten Mittwoch (21.6.) ist demnach der letzte Termin vor den Ferien, an dem noch gespielt werden kann. Anschlie\u00dfend ist die Halle f\u00fcr 3 Wochen geschlossen.<\/p>\n","protected":false},"excerpt":{"rendered":"<p>In den Sommerferien haben wir wie immer eingeschr\u00e4nkte Hallenzeiten. In der zweiten H\u00e4lfte der Sommerferien (ab dem 17.7.) ist die Waldhalle zu folgenden Zeiten ge\u00f6ffnet: Senioren: Mittwochs, 20 &#8211; 22 UhrJugend: Freitags, 19 &#8211; 21 Uhr N\u00e4chsten Mittwoch (21.6.) ist demnach der letzte Termin vor den Ferien, an dem noch gespielt werden kann. Anschlie\u00dfend ist &hellip; <\/p>\n<p class=\"link-more\"><a href=\"https:\/\/www.brc-eschweiler.de\/?p=1356\" class=\"more-link\"><span class=\"screen-reader-text\">\u201eHallenzeiten in den Ferien\u201c <\/span>weiterlesen<\/a><\/p>\n","protected":false},"author":6,"featured_media":0,"comment_status":"open","ping_status":"closed","sticky":false,"template":"","format":"standard","meta":{"jetpack_post_was_ever_published":false,"_jetpack_newsletter_access":"","_jetpack_dont_email_post_to_subs":false,"_jetpack_newsletter_tier_id":0,"_jetpack_memberships_contains_paywalled_content":false,"_jetpack_memberships_contains_paid_content":false,"footnotes":""},"categories":[1],"tags":[],"class_list":["post-1356","post","type-post","status-publish","format-standard","hentry","category-allgemein"],"jetpack_featured_media_url":"","jetpack_sharing_enabled":true,"jetpack_shortlink":"https:\/\/wp.me\/pacxTB-lS","jetpack_likes_enabled":true,"_links":{"self":[{"href":"https:\/\/www.brc-eschweiler.de\/index.php?rest_route=\/wp\/v2\/posts\/1356","targetHints":{"allow":["GET"]}}],"collection":[{"href":"https:\/\/www.brc-eschweiler.de\/index.php?rest_route=\/wp\/v2\/posts"}],"about":[{"href":"https:\/\/www.brc-eschweiler.de\/index.php?rest_route=\/wp\/v2\/types\/post"}],"author":[{"embeddable":true,"href":"https:\/\/www.brc-eschweiler.de\/index.php?rest_route=\/wp\/v2\/users\/6"}],"replies":[{"embeddable":true,"href":"https:\/\/www.brc-eschweiler.de\/index.php?rest_route=%2Fwp%2Fv2%2Fcomments&post=1356"}],"version-history":[{"count":1,"href":"https:\/\/www.brc-eschweiler.de\/index.php?rest_route=\/wp\/v2\/posts\/1356\/revisions"}],"predecessor-version":[{"id":1357,"href":"https:\/\/www.brc-eschweiler.de\/index.php?rest_route=\/wp\/v2\/posts\/1356\/revisions\/1357"}],"wp:attachment":[{"href":"https:\/\/www.brc-eschweiler.de\/index.php?rest_route=%2Fwp%2Fv2%2Fmedia&parent=1356"}],"wp:term":[{"taxonomy":"category","embeddable":true,"href":"https:\/\/www.brc-eschweiler.de\/index.php?rest_route=%2Fwp%2Fv2%2Fcategories&post=1356"},{"taxonomy":"post_tag","embeddable":true,"href":"https:\/\/www.brc-eschweiler.de\/index.php?rest_route=%2Fwp%2Fv2%2Ftags&post=1356"}],"curies":[{"name":"wp","href":"https:\/\/api.w.org\/{rel}","templated":true}]}}