{"id":1349,"date":"2023-04-15T13:55:26","date_gmt":"2023-04-15T11:55:26","guid":{"rendered":"https:\/\/www.brc-eschweiler.de\/?p=1349"},"modified":"2023-04-15T13:55:50","modified_gmt":"2023-04-15T11:55:50","slug":"100-jahre-badminton-und-rollsportclub-eschweiler-der-brc-eschweiler","status":"publish","type":"post","link":"https:\/\/www.brc-eschweiler.de\/?p=1349","title":{"rendered":"100 Jahre Badminton und Rollsportclub Eschweiler \u2013 der BRC Eschweiler"},"content":{"rendered":"\n<p>Der BRC, einer der \u00e4ltesten Sportvereine in Eschweiler, m\u00f6chte mit einer kleinen \u201eZeitreise\u201c an die wichtigsten Ereignisse seiner 100-j\u00e4hrigen Vereinsgeschichte erinnern.<\/p>\n\n\n\n<p>In den 20iger Jahren des vergangenen Jahrhunderts organisierten sich Sportbegeisterte im \u201ekatholischen Jungm\u00e4nnerbund\u201c zum \u201eDJK Wacker\u201c. Zun\u00e4chst noch mit Fu\u00dfball, sp\u00e4ter dann auch in den Sportarten Leichtathletik, Turnen, Faust- und Schlagball. 1933 fanden die sportlichen Aktivit\u00e4ten ein vorl\u00e4ufiges Ende. Nachdem der Verein 1936 verboten und aufgel\u00f6st wurde, erweckten einige ehemalige Mitglieder den Verein 1946 wieder zum Leben. In den Folgejahren wurde dann mit erheblichen Eigenleistungen der Fu\u00dfballplatz am Patternhof f\u00fcr Erwachsene und Jugendliche Instand gesetzt. Die Rollsportabteilung wurde 1956 gegr\u00fcndet. Die Mitgliederzahl der neu gegr\u00fcndeten Abteilung wuchs schnell an und auch die sportlichen Erfolge lie\u00dfen nicht lange auf sich warten. Im Jahr 1963 wurde (endlich) die Badmintonabteilung gegr\u00fcndet, die bereits im folgenden Jahr an Wettk\u00e4mpfen teilnahm.<\/p>\n\n\n\n<p>Nach einigen finanziellen Querelen beschloss man die Fu\u00dfballabteilung 1970 aufzul\u00f6sen und den Verein in den uns heute bekannten Namen &#8222;Badminton- und Rollsportclub Eschweiler&#8220; (BRC) umzubenennen, da der Verein nur noch aus diesen beiden Abteilungen bestand. Schnell wurde der BRC einer der f\u00fchrenden Badminton-Vereine in der Region.<\/p>\n\n\n\n<p>Mitte der 70iger\/Anfang der 80iger Jahre erweiterten eine Gymnastik- bzw. eine Tanzsportgruppe das sportliche Angebot des BRC.<\/p>\n\n\n\n<p>Der BRC etablierte sich in den Folgejahren sportlich als Spitzenverein in der Region. Als Ausrichter diverser Verbandsturniere konnte man Bekanntheitsgrad und Attraktivit\u00e4t erheblich steigern. Ende der 80iger\/Anfang der 90iger Jahre legte man mit dem Aufstieg der ersten Mannschaft in die Verbands- bzw. Oberliga die Grundlage f\u00fcr den absoluten sportlichen H\u00f6hepunkt des Vereins: In der Saison 2001\/2002 stieg man als erstes Team in der Region in die dritth\u00f6chste Spielklasse \u2013 der Regionalliga \u2013 auf. Dort scheiterte man denkbar knapp am Klassenerhalt. Im Anschluss durchlebte der BRC eine turbulente Zeit, die auch durch den Weggang wichtiger Spitzenspieler zum sportlichen Abstieg bis in die Landesliga f\u00fchrte. Zwischenzeitlich z\u00e4hlte man \u00fcber 400 Mitglieder im Verein, die in bis zu 8 Mannschaften und 2 Jugendmannschaften am Spielbetrieb teilnahmen.<\/p>\n\n\n\n<p>Die Corona-Zeit hat auch beim BRC massiven \u201epersonellen\u201c Schaden angerichtet. W\u00e4hrend man gerade im Bereich der Jugend vor Corona \u00fcber 60 Kinder und Jugendliche z\u00e4hlte, hat sich diese Zahl mittlerweile nahezu halbiert, obwohl der BRC \u00fcber eine Vielzahl motivierter und qualifizierter Trainer verf\u00fcgt.<\/p>\n\n\n\n<p>Nun haben sich die Mitgliederzahl und auch die sportlichen Erfolge wieder \u201estabilisiert\u201c. Aktuell spielen die drei \u201eSenioren\u201c-Mannschaften (so nennt man im Badminton alle Spieler*innen \u00fcber 18 Jahre) in der Bezirksklasse und Kreisliga. Unsere Jugend stellt aktuell eine Mannschaft in der Klasse U19. Aktuell bilden einige Spitzenspieler des BRC eine Spielgemeinschaft mit Herzogenrath in der Landesliga. Der Klassenerhalt konnte bereits vor Ende der Saison gesichert werden.<\/p>\n\n\n\n<p>Obwohl der BRC bereits im vergangenen Jahr sein stolzes Jubil\u00e4um feierte, hat sich der Vorstand entschieden &#8211; Corona bedingt &#8211; die Feierlichkeiten in das Jahr 2023 zu verschieben. Am 3. Juni 2023 ist es nun soweit: Mit einem abwechslungsreichen Programm f\u00fcr Mitglieder aller Altersstufen, ehemalige Mitglieder, Freunde und F\u00f6rderer des Vereins m\u00f6chte der BRC nachmittags ab 15:00 Uhr in der Sporthalle Waldschule und abends ab 19:00 Uhr im Rhenania-Heim, Barbarastrasse dieses runde Jubil\u00e4um geb\u00fchrend feiern.<\/p>\n","protected":false},"excerpt":{"rendered":"<p>Der BRC, einer der \u00e4ltesten Sportvereine in Eschweiler, m\u00f6chte mit einer kleinen \u201eZeitreise\u201c an die wichtigsten Ereignisse seiner 100-j\u00e4hrigen Vereinsgeschichte erinnern. In den 20iger Jahren des vergangenen Jahrhunderts organisierten sich Sportbegeisterte im \u201ekatholischen Jungm\u00e4nnerbund\u201c zum \u201eDJK Wacker\u201c. Zun\u00e4chst noch mit Fu\u00dfball, sp\u00e4ter dann auch in den Sportarten Leichtathletik, Turnen, Faust- und Schlagball. 1933 fanden die &hellip; <\/p>\n<p class=\"link-more\"><a href=\"https:\/\/www.brc-eschweiler.de\/?p=1349\" class=\"more-link\"><span class=\"screen-reader-text\">\u201e100 Jahre Badminton und Rollsportclub Eschweiler \u2013 der BRC Eschweiler\u201c <\/span>weiterlesen<\/a><\/p>\n","protected":false},"author":6,"featured_media":0,"comment_status":"open","ping_status":"closed","sticky":false,"template":"","format":"standard","meta":{"jetpack_post_was_ever_published":false,"_jetpack_newsletter_access":"","_jetpack_dont_email_post_to_subs":false,"_jetpack_newsletter_tier_id":0,"_jetpack_memberships_contains_paywalled_content":false,"_jetpack_memberships_contains_paid_content":false,"footnotes":""},"categories":[1],"tags":[],"class_list":["post-1349","post","type-post","status-publish","format-standard","hentry","category-allgemein"],"jetpack_featured_media_url":"","jetpack_sharing_enabled":true,"jetpack_shortlink":"https:\/\/wp.me\/pacxTB-lL","jetpack_likes_enabled":true,"_links":{"self":[{"href":"https:\/\/www.brc-eschweiler.de\/index.php?rest_route=\/wp\/v2\/posts\/1349","targetHints":{"allow":["GET"]}}],"collection":[{"href":"https:\/\/www.brc-eschweiler.de\/index.php?rest_route=\/wp\/v2\/posts"}],"about":[{"href":"https:\/\/www.brc-eschweiler.de\/index.php?rest_route=\/wp\/v2\/types\/post"}],"author":[{"embeddable":true,"href":"https:\/\/www.brc-eschweiler.de\/index.php?rest_route=\/wp\/v2\/users\/6"}],"replies":[{"embeddable":true,"href":"https:\/\/www.brc-eschweiler.de\/index.php?rest_route=%2Fwp%2Fv2%2Fcomments&post=1349"}],"version-history":[{"count":2,"href":"https:\/\/www.brc-eschweiler.de\/index.php?rest_route=\/wp\/v2\/posts\/1349\/revisions"}],"predecessor-version":[{"id":1351,"href":"https:\/\/www.brc-eschweiler.de\/index.php?rest_route=\/wp\/v2\/posts\/1349\/revisions\/1351"}],"wp:attachment":[{"href":"https:\/\/www.brc-eschweiler.de\/index.php?rest_route=%2Fwp%2Fv2%2Fmedia&parent=1349"}],"wp:term":[{"taxonomy":"category","embeddable":true,"href":"https:\/\/www.brc-eschweiler.de\/index.php?rest_route=%2Fwp%2Fv2%2Fcategories&post=1349"},{"taxonomy":"post_tag","embeddable":true,"href":"https:\/\/www.brc-eschweiler.de\/index.php?rest_route=%2Fwp%2Fv2%2Ftags&post=1349"}],"curies":[{"name":"wp","href":"https:\/\/api.w.org\/{rel}","templated":true}]}}