{"id":1279,"date":"2022-06-27T17:43:43","date_gmt":"2022-06-27T15:43:43","guid":{"rendered":"https:\/\/www.brc-eschweiler.de\/?p=1279"},"modified":"2022-06-27T17:43:44","modified_gmt":"2022-06-27T15:43:44","slug":"hallenzeiten-in-den-sommerferien","status":"publish","type":"post","link":"https:\/\/www.brc-eschweiler.de\/?p=1279","title":{"rendered":"Hallenzeiten in den Sommerferien"},"content":{"rendered":"\n<p>Liebe BRCler,<\/p>\n\n\n\n<p>f\u00fcr die Senioren gilt in den Sommerferien, dass die Halle nur mittwochs offen ist. Montags findet das Training nur nach voriger Absprache statt. Dies gilt f\u00fcr die gesamten Ferien.<\/p>\n\n\n\n<p>Sportliche Gr\u00fc\u00dfe, euer Vorstand<\/p>\n","protected":false},"excerpt":{"rendered":"<p>Liebe BRCler, f\u00fcr die Senioren gilt in den Sommerferien, dass die Halle nur mittwochs offen ist. Montags findet das Training nur nach voriger Absprache statt. Dies gilt f\u00fcr die gesamten Ferien. Sportliche Gr\u00fc\u00dfe, euer Vorstand<\/p>\n","protected":false},"author":6,"featured_media":0,"comment_status":"open","ping_status":"closed","sticky":false,"template":"","format":"standard","meta":{"jetpack_post_was_ever_published":false,"_jetpack_newsletter_access":"","_jetpack_dont_email_post_to_subs":false,"_jetpack_newsletter_tier_id":0,"_jetpack_memberships_contains_paywalled_content":false,"_jetpack_memberships_contains_paid_content":false,"footnotes":""},"categories":[1],"tags":[],"class_list":["post-1279","post","type-post","status-publish","format-standard","hentry","category-allgemein"],"jetpack_featured_media_url":"","jetpack_sharing_enabled":true,"jetpack_shortlink":"https:\/\/wp.me\/pacxTB-kD","jetpack_likes_enabled":true,"_links":{"self":[{"href":"https:\/\/www.brc-eschweiler.de\/index.php?rest_route=\/wp\/v2\/posts\/1279","targetHints":{"allow":["GET"]}}],"collection":[{"href":"https:\/\/www.brc-eschweiler.de\/index.php?rest_route=\/wp\/v2\/posts"}],"about":[{"href":"https:\/\/www.brc-eschweiler.de\/index.php?rest_route=\/wp\/v2\/types\/post"}],"author":[{"embeddable":true,"href":"https:\/\/www.brc-eschweiler.de\/index.php?rest_route=\/wp\/v2\/users\/6"}],"replies":[{"embeddable":true,"href":"https:\/\/www.brc-eschweiler.de\/index.php?rest_route=%2Fwp%2Fv2%2Fcomments&post=1279"}],"version-history":[{"count":1,"href":"https:\/\/www.brc-eschweiler.de\/index.php?rest_route=\/wp\/v2\/posts\/1279\/revisions"}],"predecessor-version":[{"id":1280,"href":"https:\/\/www.brc-eschweiler.de\/index.php?rest_route=\/wp\/v2\/posts\/1279\/revisions\/1280"}],"wp:attachment":[{"href":"https:\/\/www.brc-eschweiler.de\/index.php?rest_route=%2Fwp%2Fv2%2Fmedia&parent=1279"}],"wp:term":[{"taxonomy":"category","embeddable":true,"href":"https:\/\/www.brc-eschweiler.de\/index.php?rest_route=%2Fwp%2Fv2%2Fcategories&post=1279"},{"taxonomy":"post_tag","embeddable":true,"href":"https:\/\/www.brc-eschweiler.de\/index.php?rest_route=%2Fwp%2Fv2%2Ftags&post=1279"}],"curies":[{"name":"wp","href":"https:\/\/api.w.org\/{rel}","templated":true}]}}