{"id":1247,"date":"2021-12-27T14:41:39","date_gmt":"2021-12-27T13:41:39","guid":{"rendered":"https:\/\/www.brc-eschweiler.de\/?p=1247"},"modified":"2021-12-27T14:41:40","modified_gmt":"2021-12-27T13:41:40","slug":"hallenzeiten-in-den-ferien","status":"publish","type":"post","link":"https:\/\/www.brc-eschweiler.de\/?p=1247","title":{"rendered":"Hallenzeiten in den Ferien"},"content":{"rendered":"\n<p>Liebe BRClerinnen und BRCler,<\/p>\n\n\n\n<p>zun\u00e4chst einmal hoffen wir, dass es Euch allen gut geht und dass Ihr die Weihnachtstage gut verbracht habt. Au\u00dferdem m\u00f6chten wir Euch \u00fcber die Trainingssituation in den Ferien aufkl\u00e4ren: Die Halle wird am 29.12., 3.1. und 5.1. offen sein. Aufgrund der neuen Beschr\u00e4nkungen seitens der Regierung werden wir an diesen Tagen 2G+ kontrollieren (m\u00fcssen). Das bedeutet, dass sowohl geimpft\/genesen als auch ein Test vorgezeigt werden muss, der nicht \u00e4lter als 24 Stunden ist. Trotz der Umst\u00e4nde freuen wir uns \u00fcber jeden, der kommt!<\/p>\n\n\n\n<p>Falls man sich vor dem Jahreswechsel nicht mehr sieht, w\u00fcnschen wir Euch allen einen guten Rutsch!<\/p>\n\n\n\n<p>Liebe Gr\u00fc\u00dfe,<br>Euer Vorstand<\/p>\n","protected":false},"excerpt":{"rendered":"<p>Liebe BRClerinnen und BRCler, zun\u00e4chst einmal hoffen wir, dass es Euch allen gut geht und dass Ihr die Weihnachtstage gut verbracht habt. Au\u00dferdem m\u00f6chten wir Euch \u00fcber die Trainingssituation in den Ferien aufkl\u00e4ren: Die Halle wird am 29.12., 3.1. und 5.1. offen sein. Aufgrund der neuen Beschr\u00e4nkungen seitens der Regierung werden wir an diesen Tagen &hellip; <\/p>\n<p class=\"link-more\"><a href=\"https:\/\/www.brc-eschweiler.de\/?p=1247\" class=\"more-link\"><span class=\"screen-reader-text\">\u201eHallenzeiten in den Ferien\u201c <\/span>weiterlesen<\/a><\/p>\n","protected":false},"author":6,"featured_media":0,"comment_status":"open","ping_status":"closed","sticky":false,"template":"","format":"standard","meta":{"jetpack_post_was_ever_published":false,"_jetpack_newsletter_access":"","_jetpack_dont_email_post_to_subs":false,"_jetpack_newsletter_tier_id":0,"_jetpack_memberships_contains_paywalled_content":false,"_jetpack_memberships_contains_paid_content":false,"footnotes":""},"categories":[1],"tags":[],"class_list":["post-1247","post","type-post","status-publish","format-standard","hentry","category-allgemein"],"jetpack_featured_media_url":"","jetpack_sharing_enabled":true,"jetpack_shortlink":"https:\/\/wp.me\/pacxTB-k7","jetpack_likes_enabled":true,"_links":{"self":[{"href":"https:\/\/www.brc-eschweiler.de\/index.php?rest_route=\/wp\/v2\/posts\/1247","targetHints":{"allow":["GET"]}}],"collection":[{"href":"https:\/\/www.brc-eschweiler.de\/index.php?rest_route=\/wp\/v2\/posts"}],"about":[{"href":"https:\/\/www.brc-eschweiler.de\/index.php?rest_route=\/wp\/v2\/types\/post"}],"author":[{"embeddable":true,"href":"https:\/\/www.brc-eschweiler.de\/index.php?rest_route=\/wp\/v2\/users\/6"}],"replies":[{"embeddable":true,"href":"https:\/\/www.brc-eschweiler.de\/index.php?rest_route=%2Fwp%2Fv2%2Fcomments&post=1247"}],"version-history":[{"count":1,"href":"https:\/\/www.brc-eschweiler.de\/index.php?rest_route=\/wp\/v2\/posts\/1247\/revisions"}],"predecessor-version":[{"id":1248,"href":"https:\/\/www.brc-eschweiler.de\/index.php?rest_route=\/wp\/v2\/posts\/1247\/revisions\/1248"}],"wp:attachment":[{"href":"https:\/\/www.brc-eschweiler.de\/index.php?rest_route=%2Fwp%2Fv2%2Fmedia&parent=1247"}],"wp:term":[{"taxonomy":"category","embeddable":true,"href":"https:\/\/www.brc-eschweiler.de\/index.php?rest_route=%2Fwp%2Fv2%2Fcategories&post=1247"},{"taxonomy":"post_tag","embeddable":true,"href":"https:\/\/www.brc-eschweiler.de\/index.php?rest_route=%2Fwp%2Fv2%2Ftags&post=1247"}],"curies":[{"name":"wp","href":"https:\/\/api.w.org\/{rel}","templated":true}]}}