{"id":1239,"date":"2021-12-05T20:22:46","date_gmt":"2021-12-05T19:22:46","guid":{"rendered":"https:\/\/www.brc-eschweiler.de\/?p=1239"},"modified":"2021-12-05T20:24:56","modified_gmt":"2021-12-05T19:24:56","slug":"neuwahlen-des-vorstands","status":"publish","type":"post","link":"https:\/\/www.brc-eschweiler.de\/?p=1239","title":{"rendered":"Neuwahlen des Vorstands"},"content":{"rendered":"\n<p>Liebe BRClerinnen und BRCler,<\/p>\n\n\n\n<p>gerne m\u00f6chten wir euch \u00fcber die Beschl\u00fcsse der ordentlichen<br>Mitgliederversammlung vom 02.12.2021 informieren.<\/p>\n\n\n\n<p>Neuwahlen Vorstand:<\/p>\n\n\n\n<p>Zun\u00e4chst m\u00f6chten wir auch hier noch einmal die Gelegenheit nutzen und uns bei unserem bisherigen 1. Vorsitzenden Gero f\u00fcr seinen Einsatz in der letzten Dekade f\u00fcr den BRC ganz herzlich zu bedanken. Nach vielen Jahren in verantwortlicher Funktion des 1. Vorsitzenden, ist er dieses Mal nicht mehr zu Wahl angetreten.<\/p>\n\n\n\n<p>Auch Karin und Guido gilt unser gro\u00dfer Dank. Sie hatten bereits im Vorfeld angek\u00fcndigt sich, nach Jahren der erfolgreichen Jugendarbeit, langsam zur\u00fcckziehen zu wollen. Daher ist auch Guido nicht noch einmal bei der Wahl des Jugendwarts angetreten. Wir sind aber sehr froh, dass Guido weiterhin Teil des Vorstandes bleibt und nun die Funktion des 2. Vorsitzenden \u00fcbernimmt. Seine Nachfolge als Jugendwart hat Christian \u00fcbernommen, der schon seit l\u00e4ngerer Zeit das Training der Jugendmannschaften leitet und hier mit gro\u00dfem Engagement die neue Aufgabe angehen wird. <\/p>\n\n\n\n<p>Leider konnten die Posten des Pressewarts und des Breitensportwarts nicht besetzt werden. Wir werden versuchen noch vor der n\u00e4chsten ordentlichen Mitgliederversammlung diese Posten nach zu besetzten. Bis dahin werden diese Aufgaben vom gesamten Vorstand \u00fcbernommen.<\/p>\n\n\n\n<p>Neue Aufstellung des Vorstands:<\/p>\n\n\n\n<p>1. Vorsitzender: Daniel Heinen<br>2. Vorsitzender: Guido Feiertag<br>Kassenwart: Hans G\u00fcnter Eltester<br>Technischer Leiter: Erik Alt<br>Schriftf\u00fchrer: Florian Eggert<br>Jugendwart: Christian Richter<\/p>\n\n\n\n<p>Beitrag 2021:<\/p>\n\n\n\n<p>Bereits im Fr\u00fchjahr hatten wir angek\u00fcndigt, dass wir mit dem Einzug der Mitgliedsbeitr\u00e4ge f\u00fcr das Jahr 2021 abwarten bis wir einen \u00dcberblick erhalten, wie lange wir unserem Sport aufgrund von Corona nicht nachgehen k\u00f6nnen und was dies f\u00fcr die Finanzen f\u00fcr unseren Verein bedeutet. Zur Mitgliederversammlung haben wir als Vorstand vorgeschlagen, dass wir im Jahr 2021 nur den halben Beitrag einziehen werden, da dies grob dem<br>Zeitraum entspricht, die die Hallen geschlossen waren. Dieser Vorschlag ist einstimmig angenommen worden. Wir werden daher jetzt im Dezember die Abbuchungen<br>des halben Beitrages f\u00fcr das Jahr 2021 veranlassen.<\/p>\n\n\n\n<p>100. Geburtstag<\/p>\n\n\n\n<p>Last but not least m\u00f6chten wir euch schon einmal ank\u00fcndigen, dass unser BRC im n\u00e4chsten Jahr seinen 100. Geburtstag feiert. Wir beabsichtigen dies mit einem Fest geb\u00fchrend zu feiern. Wie dies genau aussehen wird, werden wir Anfang des n\u00e4chsten Jahres genauer planen. Fest steht, dass wir den Sp\u00e4tsommer anvisieren, da wir hoffen, dass zu diesem Zeitpunkt die Corona-Lage am entspanntesten ist. Falls jemand eigene Ideen einbringen m\u00f6chte, sind diese immer herzlich willkommen.<\/p>\n\n\n\n<p>Falls ihr Fragen oder Anregungen habt meldet euch gerne jederzeit bei<br>einem von uns.<br>Wir w\u00fcnschen euch allen eine sch\u00f6ne, ruhige und besinnliche<br>Vorweihnachtszeit.<\/p>\n\n\n\n<p>Bleibt gesund!<\/p>\n\n\n\n<p>Euer Vorstand<\/p>\n","protected":false},"excerpt":{"rendered":"<p>Liebe BRClerinnen und BRCler, gerne m\u00f6chten wir euch \u00fcber die Beschl\u00fcsse der ordentlichenMitgliederversammlung vom 02.12.2021 informieren. Neuwahlen Vorstand: Zun\u00e4chst m\u00f6chten wir auch hier noch einmal die Gelegenheit nutzen und uns bei unserem bisherigen 1. Vorsitzenden Gero f\u00fcr seinen Einsatz in der letzten Dekade f\u00fcr den BRC ganz herzlich zu bedanken. Nach vielen Jahren in verantwortlicher &hellip; <\/p>\n<p class=\"link-more\"><a href=\"https:\/\/www.brc-eschweiler.de\/?p=1239\" class=\"more-link\"><span class=\"screen-reader-text\">\u201eNeuwahlen des Vorstands\u201c <\/span>weiterlesen<\/a><\/p>\n","protected":false},"author":6,"featured_media":0,"comment_status":"open","ping_status":"closed","sticky":false,"template":"","format":"standard","meta":{"jetpack_post_was_ever_published":false,"_jetpack_newsletter_access":"","_jetpack_dont_email_post_to_subs":false,"_jetpack_newsletter_tier_id":0,"_jetpack_memberships_contains_paywalled_content":false,"_jetpack_memberships_contains_paid_content":false,"footnotes":""},"categories":[1],"tags":[],"class_list":["post-1239","post","type-post","status-publish","format-standard","hentry","category-allgemein"],"jetpack_featured_media_url":"","jetpack_sharing_enabled":true,"jetpack_shortlink":"https:\/\/wp.me\/pacxTB-jZ","jetpack_likes_enabled":true,"_links":{"self":[{"href":"https:\/\/www.brc-eschweiler.de\/index.php?rest_route=\/wp\/v2\/posts\/1239","targetHints":{"allow":["GET"]}}],"collection":[{"href":"https:\/\/www.brc-eschweiler.de\/index.php?rest_route=\/wp\/v2\/posts"}],"about":[{"href":"https:\/\/www.brc-eschweiler.de\/index.php?rest_route=\/wp\/v2\/types\/post"}],"author":[{"embeddable":true,"href":"https:\/\/www.brc-eschweiler.de\/index.php?rest_route=\/wp\/v2\/users\/6"}],"replies":[{"embeddable":true,"href":"https:\/\/www.brc-eschweiler.de\/index.php?rest_route=%2Fwp%2Fv2%2Fcomments&post=1239"}],"version-history":[{"count":2,"href":"https:\/\/www.brc-eschweiler.de\/index.php?rest_route=\/wp\/v2\/posts\/1239\/revisions"}],"predecessor-version":[{"id":1242,"href":"https:\/\/www.brc-eschweiler.de\/index.php?rest_route=\/wp\/v2\/posts\/1239\/revisions\/1242"}],"wp:attachment":[{"href":"https:\/\/www.brc-eschweiler.de\/index.php?rest_route=%2Fwp%2Fv2%2Fmedia&parent=1239"}],"wp:term":[{"taxonomy":"category","embeddable":true,"href":"https:\/\/www.brc-eschweiler.de\/index.php?rest_route=%2Fwp%2Fv2%2Fcategories&post=1239"},{"taxonomy":"post_tag","embeddable":true,"href":"https:\/\/www.brc-eschweiler.de\/index.php?rest_route=%2Fwp%2Fv2%2Ftags&post=1239"}],"curies":[{"name":"wp","href":"https:\/\/api.w.org\/{rel}","templated":true}]}}