{"id":1202,"date":"2021-10-07T19:02:37","date_gmt":"2021-10-07T17:02:37","guid":{"rendered":"https:\/\/www.brc-eschweiler.de\/?p=1202"},"modified":"2021-10-07T19:02:37","modified_gmt":"2021-10-07T17:02:37","slug":"3gs-in-den-ferien-fuer-schueler","status":"publish","type":"post","link":"https:\/\/www.brc-eschweiler.de\/?p=1202","title":{"rendered":"3Gs in den Ferien f\u00fcr Sch\u00fcler"},"content":{"rendered":"\n<p>Liebe Brcler und Brclerinnen,<\/p>\n\n\n\n<p>Bitte beachtet, dass f\u00fcr die Ferien wieder eines der 3Gs &#8211; speziell f\u00fcr Sch\u00fcler &#8211; vorgewiesen werden muss. Dies gilt f\u00fcr alle, die \u00e4lter als das Schuleintrittsalter sind!<\/p>\n","protected":false},"excerpt":{"rendered":"<p>Liebe Brcler und Brclerinnen, Bitte beachtet, dass f\u00fcr die Ferien wieder eines der 3Gs &#8211; speziell f\u00fcr Sch\u00fcler &#8211; vorgewiesen werden muss. Dies gilt f\u00fcr alle, die \u00e4lter als das Schuleintrittsalter sind!<\/p>\n","protected":false},"author":6,"featured_media":0,"comment_status":"open","ping_status":"closed","sticky":false,"template":"","format":"standard","meta":{"jetpack_post_was_ever_published":false,"_jetpack_newsletter_access":"","_jetpack_dont_email_post_to_subs":false,"_jetpack_newsletter_tier_id":0,"_jetpack_memberships_contains_paywalled_content":false,"_jetpack_memberships_contains_paid_content":false,"footnotes":""},"categories":[1],"tags":[],"class_list":["post-1202","post","type-post","status-publish","format-standard","hentry","category-allgemein"],"jetpack_featured_media_url":"","jetpack_sharing_enabled":true,"jetpack_shortlink":"https:\/\/wp.me\/pacxTB-jo","jetpack_likes_enabled":true,"_links":{"self":[{"href":"https:\/\/www.brc-eschweiler.de\/index.php?rest_route=\/wp\/v2\/posts\/1202","targetHints":{"allow":["GET"]}}],"collection":[{"href":"https:\/\/www.brc-eschweiler.de\/index.php?rest_route=\/wp\/v2\/posts"}],"about":[{"href":"https:\/\/www.brc-eschweiler.de\/index.php?rest_route=\/wp\/v2\/types\/post"}],"author":[{"embeddable":true,"href":"https:\/\/www.brc-eschweiler.de\/index.php?rest_route=\/wp\/v2\/users\/6"}],"replies":[{"embeddable":true,"href":"https:\/\/www.brc-eschweiler.de\/index.php?rest_route=%2Fwp%2Fv2%2Fcomments&post=1202"}],"version-history":[{"count":1,"href":"https:\/\/www.brc-eschweiler.de\/index.php?rest_route=\/wp\/v2\/posts\/1202\/revisions"}],"predecessor-version":[{"id":1203,"href":"https:\/\/www.brc-eschweiler.de\/index.php?rest_route=\/wp\/v2\/posts\/1202\/revisions\/1203"}],"wp:attachment":[{"href":"https:\/\/www.brc-eschweiler.de\/index.php?rest_route=%2Fwp%2Fv2%2Fmedia&parent=1202"}],"wp:term":[{"taxonomy":"category","embeddable":true,"href":"https:\/\/www.brc-eschweiler.de\/index.php?rest_route=%2Fwp%2Fv2%2Fcategories&post=1202"},{"taxonomy":"post_tag","embeddable":true,"href":"https:\/\/www.brc-eschweiler.de\/index.php?rest_route=%2Fwp%2Fv2%2Ftags&post=1202"}],"curies":[{"name":"wp","href":"https:\/\/api.w.org\/{rel}","templated":true}]}}