{"id":1148,"date":"2021-06-05T12:58:04","date_gmt":"2021-06-05T10:58:04","guid":{"rendered":"http:\/\/brc-eschweiler.de\/?p=1148"},"modified":"2021-06-05T12:58:04","modified_gmt":"2021-06-05T10:58:04","slug":"die-hallen-werden-wieder-geoeffnet","status":"publish","type":"post","link":"https:\/\/www.brc-eschweiler.de\/?p=1148","title":{"rendered":"Die Hallen werden wieder ge\u00f6ffnet"},"content":{"rendered":"\n<p>Liebe Vereinsmitglieder,<\/p>\n\n\n\n<p>nach \u00fcber einem halben Jahr ohne Badminton haben wir gute Nachrichten f\u00fcr euch: Ab Montag, dem 7. Juni, wird die Halle wieder ge\u00f6ffnet und dem gepflegten Verpr\u00fcgeln der Federb\u00e4lle steht somit nichts mehr entgegen! Unser Plan sieht folgende Starttermine f\u00fcr die jeweiligen Veranstaltungen vor:<\/p>\n\n\n\n<p>Eichendorffhalle:<\/p>\n\n\n\n<ul class=\"wp-block-list\"><li>Freies Spiel Senioren: Montag (20 Uhr) ab 7.6.<\/li><li>Gef\u00fchrtes Jugendtraining: Montag (18 Uhr) ab 14.6.<\/li><li>Gef\u00fchrtes Jugendtraining: Freitag (17 Uhr) ab 18.6.<\/li><\/ul>\n\n\n\n<p>Waldhalle:<\/p>\n\n\n\n<ul class=\"wp-block-list\"><li>Freies Spiel Senioren: Mittwoch (20 Uhr) ab 16.6.<\/li><\/ul>\n\n\n\n<p>Ein paar Infos und Voraussetzungen gibt es dennoch:<\/p>\n\n\n\n<ul class=\"wp-block-list\"><li>Zum Seniorentraining wird man nur mit Vorabanmeldung zugelassen. Dies geht aber ganz unproblematisch mit einer kurzen (WhatsApp-) Nachricht an Christian oder einem Einzeiler an die Vorstands-Email vorstand@brc-eschweiler.de.<\/li><li>Eines der 3 G\u2019s muss vorgewiesen werden: Getestet, Geimpft oder Genesen. Bei den Tests ist zu beachten, dass nur offizielle Testergebnisse angenommen werden d\u00fcrfen, die nicht \u00e4lter als 48 Stunden sind. Geimpfte bringen ihren Impfausweis mit, wobei der zweite Impftermin (oder der erste bei J&amp;J) 2 Wochen her sein muss und Genesene bringen die Meldung des Gesundheitsamtes mit.<\/li><li>Das im letzten Jahr genutzte Hygienekonzept wird wieder genutzt.<\/li><li>Zur einfachen R\u00fcckverfolgbarkeit ist die Eintragung in eine Anwesenheitsliste notwendig. Hier wird noch gekl\u00e4rt in welcher Form (analog oder digital) dies geschieht, aber die Angabe von Name, Adresse und entweder Telefonnummer oder E-Mail-Adresse sind obligatorisch.<\/li><\/ul>\n\n\n\n<p>Die Aus\u00fcbung unseres Lieblingssports ist momentan nur m\u00f6glich, da die Inzidenz der St\u00e4dteregion seit dem 29. Mai stetig unter 50 war und wir somit der Inzidenzstufe 2 angeh\u00f6ren. Sollte die Inzidenz wieder steigen und an 3 aufeinander folgenden Tagen wieder \u00fcber 50 stehen, rutschen wir wieder in die Inzidenzstufe 3 und m\u00fcssen die Hallen wieder schlie\u00dfen. Wir werden im Fall der F\u00e4lle rechtzeitig informieren! Trotz der Umst\u00e4nde hoffen wir, so viele wie m\u00f6glich von euch wieder begr\u00fc\u00dfen zu d\u00fcrfen. Bei Fragen oder Anmerkungen gilt wie immer: meldet euch gerne bei uns! Wir sehen uns in der Halle! &#x1f609;<\/p>\n\n\n\n<p>Sportliche Gr\u00fc\u00dfe,<\/p>\n\n\n\n<p>Euer Vorstand<\/p>\n","protected":false},"excerpt":{"rendered":"<p>Liebe Vereinsmitglieder, nach \u00fcber einem halben Jahr ohne Badminton haben wir gute Nachrichten f\u00fcr euch: Ab Montag, dem 7. Juni, wird die Halle wieder ge\u00f6ffnet und dem gepflegten Verpr\u00fcgeln der Federb\u00e4lle steht somit nichts mehr entgegen! Unser Plan sieht folgende Starttermine f\u00fcr die jeweiligen Veranstaltungen vor: Eichendorffhalle: Freies Spiel Senioren: Montag (20 Uhr) ab 7.6. &hellip; <\/p>\n<p class=\"link-more\"><a href=\"https:\/\/www.brc-eschweiler.de\/?p=1148\" class=\"more-link\"><span class=\"screen-reader-text\">\u201eDie Hallen werden wieder ge\u00f6ffnet\u201c <\/span>weiterlesen<\/a><\/p>\n","protected":false},"author":6,"featured_media":0,"comment_status":"open","ping_status":"closed","sticky":false,"template":"","format":"standard","meta":{"jetpack_post_was_ever_published":false,"_jetpack_newsletter_access":"","_jetpack_dont_email_post_to_subs":false,"_jetpack_newsletter_tier_id":0,"_jetpack_memberships_contains_paywalled_content":false,"_jetpack_memberships_contains_paid_content":false,"footnotes":""},"categories":[1],"tags":[],"class_list":["post-1148","post","type-post","status-publish","format-standard","hentry","category-allgemein"],"jetpack_featured_media_url":"","jetpack_sharing_enabled":true,"jetpack_shortlink":"https:\/\/wp.me\/pacxTB-iw","jetpack_likes_enabled":true,"_links":{"self":[{"href":"https:\/\/www.brc-eschweiler.de\/index.php?rest_route=\/wp\/v2\/posts\/1148","targetHints":{"allow":["GET"]}}],"collection":[{"href":"https:\/\/www.brc-eschweiler.de\/index.php?rest_route=\/wp\/v2\/posts"}],"about":[{"href":"https:\/\/www.brc-eschweiler.de\/index.php?rest_route=\/wp\/v2\/types\/post"}],"author":[{"embeddable":true,"href":"https:\/\/www.brc-eschweiler.de\/index.php?rest_route=\/wp\/v2\/users\/6"}],"replies":[{"embeddable":true,"href":"https:\/\/www.brc-eschweiler.de\/index.php?rest_route=%2Fwp%2Fv2%2Fcomments&post=1148"}],"version-history":[{"count":1,"href":"https:\/\/www.brc-eschweiler.de\/index.php?rest_route=\/wp\/v2\/posts\/1148\/revisions"}],"predecessor-version":[{"id":1149,"href":"https:\/\/www.brc-eschweiler.de\/index.php?rest_route=\/wp\/v2\/posts\/1148\/revisions\/1149"}],"wp:attachment":[{"href":"https:\/\/www.brc-eschweiler.de\/index.php?rest_route=%2Fwp%2Fv2%2Fmedia&parent=1148"}],"wp:term":[{"taxonomy":"category","embeddable":true,"href":"https:\/\/www.brc-eschweiler.de\/index.php?rest_route=%2Fwp%2Fv2%2Fcategories&post=1148"},{"taxonomy":"post_tag","embeddable":true,"href":"https:\/\/www.brc-eschweiler.de\/index.php?rest_route=%2Fwp%2Fv2%2Ftags&post=1148"}],"curies":[{"name":"wp","href":"https:\/\/api.w.org\/{rel}","templated":true}]}}