{"id":1133,"date":"2021-03-29T10:03:01","date_gmt":"2021-03-29T08:03:01","guid":{"rendered":"http:\/\/brc-eschweiler.de\/?p=1133"},"modified":"2021-03-29T10:03:01","modified_gmt":"2021-03-29T08:03:01","slug":"sportliche-aktivitaeten-in-den-osterferien-trotzdembadminton","status":"publish","type":"post","link":"https:\/\/www.brc-eschweiler.de\/?p=1133","title":{"rendered":"Sportliche Aktivit\u00e4ten in den Osterferien! #trotzdembadminton"},"content":{"rendered":"\n<p>Liebe Vereinsmitglieder,<\/p>\n\n\n\n<p>die \u00d6ffnung der Hallen ist weiterhin nicht absehbar. F\u00fcr die &#8222;Zwischenzeit&#8220; hat der Badmintonlandesverband ein badmintonspezifisches Online-Angebot konzeptioniert, um sich auch au\u00dferhalb der Halle fit zu halten. Die Inhalte k\u00f6nnt Ihr euch auf der Seite des BLV anschauen: <a href=\"https:\/\/www.badminton.nrw\/erleben\/in-bildern\/trotzdembadminton\">https:\/\/www.badminton.nrw\/erleben\/in-bildern\/trotzdembadminton<\/a>.<\/p>\n\n\n\n<p>Um an dem Angebot teilzunehmen, werden Logindaten ben\u00f6tigt, die Ihr entweder auf Anfrage oder per Rundmail von uns erhaltet. Wir w\u00fcrden uns freuen, wenn Ihr partizipieren w\u00fcrdet.<\/p>\n\n\n\n<p>Sportliche Gr\u00fc\u00dfe,<\/p>\n\n\n\n<p>Euer Vorstand<\/p>\n","protected":false},"excerpt":{"rendered":"<p>Liebe Vereinsmitglieder, die \u00d6ffnung der Hallen ist weiterhin nicht absehbar. F\u00fcr die &#8222;Zwischenzeit&#8220; hat der Badmintonlandesverband ein badmintonspezifisches Online-Angebot konzeptioniert, um sich auch au\u00dferhalb der Halle fit zu halten. Die Inhalte k\u00f6nnt Ihr euch auf der Seite des BLV anschauen: https:\/\/www.badminton.nrw\/erleben\/in-bildern\/trotzdembadminton. Um an dem Angebot teilzunehmen, werden Logindaten ben\u00f6tigt, die Ihr entweder auf Anfrage oder &hellip; <\/p>\n<p class=\"link-more\"><a href=\"https:\/\/www.brc-eschweiler.de\/?p=1133\" class=\"more-link\"><span class=\"screen-reader-text\">\u201eSportliche Aktivit\u00e4ten in den Osterferien! #trotzdembadminton\u201c <\/span>weiterlesen<\/a><\/p>\n","protected":false},"author":6,"featured_media":0,"comment_status":"open","ping_status":"closed","sticky":false,"template":"","format":"standard","meta":{"jetpack_post_was_ever_published":false,"_jetpack_newsletter_access":"","_jetpack_dont_email_post_to_subs":false,"_jetpack_newsletter_tier_id":0,"_jetpack_memberships_contains_paywalled_content":false,"_jetpack_memberships_contains_paid_content":false,"footnotes":""},"categories":[1],"tags":[],"class_list":["post-1133","post","type-post","status-publish","format-standard","hentry","category-allgemein"],"jetpack_featured_media_url":"","jetpack_sharing_enabled":true,"jetpack_shortlink":"https:\/\/wp.me\/pacxTB-ih","jetpack_likes_enabled":true,"_links":{"self":[{"href":"https:\/\/www.brc-eschweiler.de\/index.php?rest_route=\/wp\/v2\/posts\/1133","targetHints":{"allow":["GET"]}}],"collection":[{"href":"https:\/\/www.brc-eschweiler.de\/index.php?rest_route=\/wp\/v2\/posts"}],"about":[{"href":"https:\/\/www.brc-eschweiler.de\/index.php?rest_route=\/wp\/v2\/types\/post"}],"author":[{"embeddable":true,"href":"https:\/\/www.brc-eschweiler.de\/index.php?rest_route=\/wp\/v2\/users\/6"}],"replies":[{"embeddable":true,"href":"https:\/\/www.brc-eschweiler.de\/index.php?rest_route=%2Fwp%2Fv2%2Fcomments&post=1133"}],"version-history":[{"count":1,"href":"https:\/\/www.brc-eschweiler.de\/index.php?rest_route=\/wp\/v2\/posts\/1133\/revisions"}],"predecessor-version":[{"id":1134,"href":"https:\/\/www.brc-eschweiler.de\/index.php?rest_route=\/wp\/v2\/posts\/1133\/revisions\/1134"}],"wp:attachment":[{"href":"https:\/\/www.brc-eschweiler.de\/index.php?rest_route=%2Fwp%2Fv2%2Fmedia&parent=1133"}],"wp:term":[{"taxonomy":"category","embeddable":true,"href":"https:\/\/www.brc-eschweiler.de\/index.php?rest_route=%2Fwp%2Fv2%2Fcategories&post=1133"},{"taxonomy":"post_tag","embeddable":true,"href":"https:\/\/www.brc-eschweiler.de\/index.php?rest_route=%2Fwp%2Fv2%2Ftags&post=1133"}],"curies":[{"name":"wp","href":"https:\/\/api.w.org\/{rel}","templated":true}]}}