{"id":1116,"date":"2021-01-06T15:22:07","date_gmt":"2021-01-06T14:22:07","guid":{"rendered":"http:\/\/brc-eschweiler.de\/?p=1116"},"modified":"2021-01-06T15:22:07","modified_gmt":"2021-01-06T14:22:07","slug":"massnahmen-verlaengert-hallen-weiterhin-geschlossen","status":"publish","type":"post","link":"https:\/\/www.brc-eschweiler.de\/?p=1116","title":{"rendered":"Ma\u00dfnahmen verl\u00e4ngert &#8211; Hallen weiterhin geschlossen"},"content":{"rendered":"\n<p>Liebe Vereinsmitglieder,<\/p>\n\n\n\n<p>zun\u00e4chst w\u00fcnschen wir euch ein frohes Neues Jahr. Hoffentlich habt ihr die Feiertage angemessen &#8222;gefeiert&#8220; und seid gesund und munter. Ganz nach diesem Motto wird es weiterhin Beschr\u00e4nkungen geben, die auch uns als Verein betreffen. <\/p>\n\n\n\n<p>So ist es uns durch den Beschluss der Bundesregierung und der Bundesl\u00e4nder weiterhin nicht m\u00f6glich, die Sporthallen f\u00fcr den Vereinsbetrieb zu \u00f6ffnen. Dies gilt zun\u00e4chst bis einschlie\u00dflich 31. Januar. ( Nachzulesen unter: <a rel=\"noreferrer noopener\" href=\"https:\/\/www.bundesregierung.de\/breg-de\/aktuelles\/bund-laender-beschluss-1834282\" data-type=\"URL\" data-id=\"https:\/\/www.bundesregierung.de\/breg-de\/aktuelles\/bund-laender-beschluss-1834282\" target=\"_blank\">https:\/\/www.bundesregierung.de\/breg-de\/aktuelles\/bund-laender-beschluss-1834282<\/a>)<\/p>\n\n\n\n<p>Wir sind uns sicher, dass die Beschr\u00e4nkungen sinnvoll sind und stehen hinter dieser Entscheidung. Deswegen bitten wir euch darum, noch Geduld zu haben, bis wir uns endlich wieder gemeinsam bei einer gepflegten Partie Federball verausgaben k\u00f6nnen. <\/p>\n\n\n\n<p>Bleibt gesund!<\/p>\n\n\n\n<p>Sportliche Gr\u00fc\u00dfe,<br>Euer Vorstand<\/p>\n","protected":false},"excerpt":{"rendered":"<p>Liebe Vereinsmitglieder, zun\u00e4chst w\u00fcnschen wir euch ein frohes Neues Jahr. Hoffentlich habt ihr die Feiertage angemessen &#8222;gefeiert&#8220; und seid gesund und munter. Ganz nach diesem Motto wird es weiterhin Beschr\u00e4nkungen geben, die auch uns als Verein betreffen. So ist es uns durch den Beschluss der Bundesregierung und der Bundesl\u00e4nder weiterhin nicht m\u00f6glich, die Sporthallen f\u00fcr &hellip; <\/p>\n<p class=\"link-more\"><a href=\"https:\/\/www.brc-eschweiler.de\/?p=1116\" class=\"more-link\"><span class=\"screen-reader-text\">\u201eMa\u00dfnahmen verl\u00e4ngert &#8211; Hallen weiterhin geschlossen\u201c <\/span>weiterlesen<\/a><\/p>\n","protected":false},"author":6,"featured_media":0,"comment_status":"open","ping_status":"closed","sticky":false,"template":"","format":"standard","meta":{"jetpack_post_was_ever_published":false,"_jetpack_newsletter_access":"","_jetpack_dont_email_post_to_subs":false,"_jetpack_newsletter_tier_id":0,"_jetpack_memberships_contains_paywalled_content":false,"_jetpack_memberships_contains_paid_content":false,"footnotes":""},"categories":[10],"tags":[],"class_list":["post-1116","post","type-post","status-publish","format-standard","hentry","category-facebook"],"jetpack_featured_media_url":"","jetpack_sharing_enabled":true,"jetpack_shortlink":"https:\/\/wp.me\/pacxTB-i0","jetpack_likes_enabled":true,"_links":{"self":[{"href":"https:\/\/www.brc-eschweiler.de\/index.php?rest_route=\/wp\/v2\/posts\/1116","targetHints":{"allow":["GET"]}}],"collection":[{"href":"https:\/\/www.brc-eschweiler.de\/index.php?rest_route=\/wp\/v2\/posts"}],"about":[{"href":"https:\/\/www.brc-eschweiler.de\/index.php?rest_route=\/wp\/v2\/types\/post"}],"author":[{"embeddable":true,"href":"https:\/\/www.brc-eschweiler.de\/index.php?rest_route=\/wp\/v2\/users\/6"}],"replies":[{"embeddable":true,"href":"https:\/\/www.brc-eschweiler.de\/index.php?rest_route=%2Fwp%2Fv2%2Fcomments&post=1116"}],"version-history":[{"count":1,"href":"https:\/\/www.brc-eschweiler.de\/index.php?rest_route=\/wp\/v2\/posts\/1116\/revisions"}],"predecessor-version":[{"id":1117,"href":"https:\/\/www.brc-eschweiler.de\/index.php?rest_route=\/wp\/v2\/posts\/1116\/revisions\/1117"}],"wp:attachment":[{"href":"https:\/\/www.brc-eschweiler.de\/index.php?rest_route=%2Fwp%2Fv2%2Fmedia&parent=1116"}],"wp:term":[{"taxonomy":"category","embeddable":true,"href":"https:\/\/www.brc-eschweiler.de\/index.php?rest_route=%2Fwp%2Fv2%2Fcategories&post=1116"},{"taxonomy":"post_tag","embeddable":true,"href":"https:\/\/www.brc-eschweiler.de\/index.php?rest_route=%2Fwp%2Fv2%2Ftags&post=1116"}],"curies":[{"name":"wp","href":"https:\/\/api.w.org\/{rel}","templated":true}]}}