{"id":1106,"date":"2020-12-01T17:40:12","date_gmt":"2020-12-01T16:40:12","guid":{"rendered":"http:\/\/brc-eschweiler.de\/?p=1106"},"modified":"2020-12-01T17:41:26","modified_gmt":"2020-12-01T16:41:26","slug":"die-halle-muessen-leider-weiterhin-geschlossen-bleiben","status":"publish","type":"post","link":"https:\/\/www.brc-eschweiler.de\/?p=1106","title":{"rendered":"Die Halle m\u00fcssen leider weiterhin geschlossen bleiben.."},"content":{"rendered":"\n<p>Liebe BRCler*innen,<\/p>\n\n\n\n<p>wir hoffen, Ihr seid alle gesund und kommt gut durch diese schwere Zeit.<\/p>\n\n\n\n<p>Da die Bundesregierung zusammen mit den L\u00e4ndern eine Verl\u00e4ngerung der Ma\u00dfnahmen beschlossen hat, bleibt auch unsere Halle weiter zu. Dies gilt mindestens bis zum Ende des Jahres, es ist aber zu bef\u00fcrchten, dass auch danach nicht sofort wieder ge\u00f6ffnet werden darf.<\/p>\n\n\n\n<p>Sobald wir etwas neues erfahren, melden wir uns nat\u00fcrlich sofort bei<br>Euch.<\/p>\n\n\n\n<p>Wir w\u00fcnschen Euch eine sch\u00f6ne und besinnliche Vorweihnachtszeit.<\/p>\n\n\n\n<p>Bleibt gesund!<\/p>\n\n\n\n<p>Liebe Gr\u00fc\u00dfe<\/p>\n\n\n\n<p>Euer Vorstand<\/p>\n","protected":false},"excerpt":{"rendered":"<p>Liebe BRCler*innen, wir hoffen, Ihr seid alle gesund und kommt gut durch diese schwere Zeit. Da die Bundesregierung zusammen mit den L\u00e4ndern eine Verl\u00e4ngerung der Ma\u00dfnahmen beschlossen hat, bleibt auch unsere Halle weiter zu. Dies gilt mindestens bis zum Ende des Jahres, es ist aber zu bef\u00fcrchten, dass auch danach nicht sofort wieder ge\u00f6ffnet werden &hellip; <\/p>\n<p class=\"link-more\"><a href=\"https:\/\/www.brc-eschweiler.de\/?p=1106\" class=\"more-link\"><span class=\"screen-reader-text\">\u201eDie Halle m\u00fcssen leider weiterhin geschlossen bleiben..\u201c <\/span>weiterlesen<\/a><\/p>\n","protected":false},"author":6,"featured_media":0,"comment_status":"open","ping_status":"closed","sticky":false,"template":"","format":"standard","meta":{"jetpack_post_was_ever_published":false,"_jetpack_newsletter_access":"","_jetpack_dont_email_post_to_subs":false,"_jetpack_newsletter_tier_id":0,"_jetpack_memberships_contains_paywalled_content":false,"_jetpack_memberships_contains_paid_content":false,"footnotes":""},"categories":[10],"tags":[],"class_list":["post-1106","post","type-post","status-publish","format-standard","hentry","category-facebook"],"jetpack_featured_media_url":"","jetpack_sharing_enabled":true,"jetpack_shortlink":"https:\/\/wp.me\/pacxTB-hQ","jetpack_likes_enabled":true,"_links":{"self":[{"href":"https:\/\/www.brc-eschweiler.de\/index.php?rest_route=\/wp\/v2\/posts\/1106","targetHints":{"allow":["GET"]}}],"collection":[{"href":"https:\/\/www.brc-eschweiler.de\/index.php?rest_route=\/wp\/v2\/posts"}],"about":[{"href":"https:\/\/www.brc-eschweiler.de\/index.php?rest_route=\/wp\/v2\/types\/post"}],"author":[{"embeddable":true,"href":"https:\/\/www.brc-eschweiler.de\/index.php?rest_route=\/wp\/v2\/users\/6"}],"replies":[{"embeddable":true,"href":"https:\/\/www.brc-eschweiler.de\/index.php?rest_route=%2Fwp%2Fv2%2Fcomments&post=1106"}],"version-history":[{"count":2,"href":"https:\/\/www.brc-eschweiler.de\/index.php?rest_route=\/wp\/v2\/posts\/1106\/revisions"}],"predecessor-version":[{"id":1108,"href":"https:\/\/www.brc-eschweiler.de\/index.php?rest_route=\/wp\/v2\/posts\/1106\/revisions\/1108"}],"wp:attachment":[{"href":"https:\/\/www.brc-eschweiler.de\/index.php?rest_route=%2Fwp%2Fv2%2Fmedia&parent=1106"}],"wp:term":[{"taxonomy":"category","embeddable":true,"href":"https:\/\/www.brc-eschweiler.de\/index.php?rest_route=%2Fwp%2Fv2%2Fcategories&post=1106"},{"taxonomy":"post_tag","embeddable":true,"href":"https:\/\/www.brc-eschweiler.de\/index.php?rest_route=%2Fwp%2Fv2%2Ftags&post=1106"}],"curies":[{"name":"wp","href":"https:\/\/api.w.org\/{rel}","templated":true}]}}