{"id":1097,"date":"2020-10-29T12:00:17","date_gmt":"2020-10-29T11:00:17","guid":{"rendered":"http:\/\/brc-eschweiler.de\/?p=1097"},"modified":"2020-10-30T10:16:31","modified_gmt":"2020-10-30T09:16:31","slug":"jegliche-vereinsaktivitaet-wird-voruebergehend-eingestellt","status":"publish","type":"post","link":"https:\/\/www.brc-eschweiler.de\/?p=1097","title":{"rendered":"Jegliche Vereinsaktivit\u00e4t wird vor\u00fcbergehend eingestellt"},"content":{"rendered":"\n<p>Hallo liebe BRClerinnen und BRCler,<br><br>wie ihr sicherlich mitbekommen habt, wurde gestern im Zuge der Corona Ma\u00dfnahmen eine grunds\u00e4tzliche Einstellung des Amateursports f\u00fcr den Monat November beschlossen.<br><br>Offiziell gelten die Regeln ab dem 02.11.2020. Wir im Vorstand haben uns gestern einstimmig dazu entschieden, die Ma\u00dfnahmen ab sofort umzusetzen, da die Gesundheit von uns allen h\u00f6chste Priorit\u00e4t hat.<br><br>Aus diesem Grund werden ab sofort alle Vereinsaktivit\u00e4ten eingestellt. Dies gilt vorl\u00e4ufig bis zum 30.11.2020.<br><br>F\u00fcr Fragen stehen wir selbstverst\u00e4ndlich immer zur Verf\u00fcgung.<br><br>Bleibt gesund!<br><br>Liebe Gr\u00fc\u00dfe<br>Euer Vorstand<\/p>\n","protected":false},"excerpt":{"rendered":"<p>Hallo liebe BRClerinnen und BRCler, wie ihr sicherlich mitbekommen habt, wurde gestern im Zuge der Corona Ma\u00dfnahmen eine grunds\u00e4tzliche Einstellung des Amateursports f\u00fcr den Monat November beschlossen. Offiziell gelten die Regeln ab dem 02.11.2020. Wir im Vorstand haben uns gestern einstimmig dazu entschieden, die Ma\u00dfnahmen ab sofort umzusetzen, da die Gesundheit von uns allen h\u00f6chste &hellip; <\/p>\n<p class=\"link-more\"><a href=\"https:\/\/www.brc-eschweiler.de\/?p=1097\" class=\"more-link\"><span class=\"screen-reader-text\">\u201eJegliche Vereinsaktivit\u00e4t wird vor\u00fcbergehend eingestellt\u201c <\/span>weiterlesen<\/a><\/p>\n","protected":false},"author":6,"featured_media":0,"comment_status":"open","ping_status":"closed","sticky":false,"template":"","format":"standard","meta":{"jetpack_post_was_ever_published":false,"_jetpack_newsletter_access":"","_jetpack_dont_email_post_to_subs":false,"_jetpack_newsletter_tier_id":0,"_jetpack_memberships_contains_paywalled_content":false,"_jetpack_memberships_contains_paid_content":false,"footnotes":""},"categories":[1,10],"tags":[],"class_list":["post-1097","post","type-post","status-publish","format-standard","hentry","category-allgemein","category-facebook"],"jetpack_featured_media_url":"","jetpack_sharing_enabled":true,"jetpack_shortlink":"https:\/\/wp.me\/pacxTB-hH","jetpack_likes_enabled":true,"_links":{"self":[{"href":"https:\/\/www.brc-eschweiler.de\/index.php?rest_route=\/wp\/v2\/posts\/1097","targetHints":{"allow":["GET"]}}],"collection":[{"href":"https:\/\/www.brc-eschweiler.de\/index.php?rest_route=\/wp\/v2\/posts"}],"about":[{"href":"https:\/\/www.brc-eschweiler.de\/index.php?rest_route=\/wp\/v2\/types\/post"}],"author":[{"embeddable":true,"href":"https:\/\/www.brc-eschweiler.de\/index.php?rest_route=\/wp\/v2\/users\/6"}],"replies":[{"embeddable":true,"href":"https:\/\/www.brc-eschweiler.de\/index.php?rest_route=%2Fwp%2Fv2%2Fcomments&post=1097"}],"version-history":[{"count":3,"href":"https:\/\/www.brc-eschweiler.de\/index.php?rest_route=\/wp\/v2\/posts\/1097\/revisions"}],"predecessor-version":[{"id":1101,"href":"https:\/\/www.brc-eschweiler.de\/index.php?rest_route=\/wp\/v2\/posts\/1097\/revisions\/1101"}],"wp:attachment":[{"href":"https:\/\/www.brc-eschweiler.de\/index.php?rest_route=%2Fwp%2Fv2%2Fmedia&parent=1097"}],"wp:term":[{"taxonomy":"category","embeddable":true,"href":"https:\/\/www.brc-eschweiler.de\/index.php?rest_route=%2Fwp%2Fv2%2Fcategories&post=1097"},{"taxonomy":"post_tag","embeddable":true,"href":"https:\/\/www.brc-eschweiler.de\/index.php?rest_route=%2Fwp%2Fv2%2Ftags&post=1097"}],"curies":[{"name":"wp","href":"https:\/\/api.w.org\/{rel}","templated":true}]}}